{"id":6175,"date":"2021-09-01T08:00:00","date_gmt":"2021-09-01T06:00:00","guid":{"rendered":"https:\/\/imolatecnica.it\/?p=6175"},"modified":"2021-08-02T13:08:19","modified_gmt":"2021-08-02T11:08:19","slug":"criteres-de-conception-des-facades-ventilees-et-installation-des-facades-ventilees-un-apercu-detaille","status":"publish","type":"post","link":"https:\/\/imolatecnica.it\/fr\/news\/criteres-de-conception-des-facades-ventilees-et-installation-des-facades-ventilees-un-apercu-detaille\/","title":{"rendered":"Crit\u00e8res de conception des fa\u00e7ades ventil\u00e9es et installation des fa\u00e7ades ventil\u00e9es : un aper\u00e7u d\u00e9taill\u00e9"},"content":{"rendered":"\n<p>Un b\u00e2timent dot\u00e9 d&rsquo;une fa\u00e7ade ventil\u00e9e efficace am\u00e9liore sensiblement la consommation d&rsquo;\u00e9nergie et r\u00e9duit les \u00e9missions de d\u00e9chets&nbsp;: en particulier, la <strong>conception d&rsquo;une fa\u00e7ade ventil\u00e9e<\/strong> r\u00e9duit la consommation d&rsquo;\u00e9nergie de 30 \u00e0 70&nbsp;%, la consommation d&rsquo;eau de 30 \u00e0 50&nbsp;% et les \u00e9missions de d\u00e9chets de 50 \u00e0 90&nbsp;%. Enfin, elle r\u00e9duit de 35&nbsp;% les \u00e9missions de dioxyde de carbone dans l&rsquo;atmosph\u00e8re (les \u00e9missions d\u00e9l\u00e9t\u00e8res de gaz \u00e0 effet de serre).&nbsp;<\/p>\n\n\n\n<p>La<strong> conception d&rsquo;une fa\u00e7ade ventil\u00e9e efficace<\/strong> \u2013 <em>consid\u00e9r\u00e9e comme la m\u00e9thode la plus appropri\u00e9e pour r\u00e9soudre le probl\u00e8me de l&rsquo;isolation des b\u00e2timents et qui, pour cette raison, a progressivement fait l&rsquo;objet d&rsquo;un plus grand consensus parmi les architectes et les constructeurs car elle \u00e9limine les ponts thermiques ind\u00e9sirables ainsi que les probl\u00e8mes de condensation, obtenant ainsi un excellent comportement thermo-hygrom\u00e9trique du b\u00e2timent<\/em> \u2013 doit tenir compte <strong>d&rsquo;au moins cinq crit\u00e8res :<\/strong><\/p>\n\n\n\n<ul class=\"wp-block-list\"><li>Qualit\u00e9 de l&rsquo;environnement int\u00e9rieur et innovation&nbsp;;&nbsp;<\/li><li>Mat\u00e9riaux et ressources utilis\u00e9s&nbsp;;<\/li><li>La durabilit\u00e9&nbsp;;<\/li><li>Utilisation efficace de l&rsquo;eau&nbsp;;<\/li><li>\u00c9nergie et impact \u00e9nerg\u00e9tique.<\/li><\/ul>\n\n\n\n<p>Il est tr\u00e8s int\u00e9ressant de constater que les tendances et les go\u00fbts personnels exprim\u00e9s par la couleur dans la d\u00e9coration int\u00e9rieure se d\u00e9placent de plus en plus vers l&rsquo;ext\u00e9rieur, o\u00f9 les couleurs et les contours des b\u00e2timents sont aujourd&rsquo;hui tr\u00e8s recherch\u00e9s. Des couleurs et des contours qui visent \u00e0 faire rayonner la vie et l&rsquo;individualit\u00e9, la personnalit\u00e9. Et en ce sens, les<strong> crit\u00e8res de conception des fa\u00e7ades ventil\u00e9es<\/strong> offrent des possibilit\u00e9s cr\u00e9atives illimit\u00e9es. Il est actuellement facile de \u201cjouer\u201d avec les fa\u00e7ades ventil\u00e9es\u00a0: en particulier, les dalles en gr\u00e8s c\u00e9rame sont la meilleure solution pour recouvrir les fa\u00e7ades ventil\u00e9es, car elles sont plus l\u00e9g\u00e8res que les mat\u00e9riaux pierreux comme la pierre ou le marbre, elles sont plus r\u00e9sistantes et faciles \u00e0 entretenir et \u00e0 nettoyer. En outre, d&rsquo;un point de vue esth\u00e9tique, le gr\u00e8s c\u00e9rame offre la possibilit\u00e9 de personnaliser le projet architectural, gr\u00e2ce \u00e0 une large palette de couleurs, aux diff\u00e9rents types de textures \u2013 finitions \u00e0 effet bois, marbre, pierre, brique et ciment \u2013 et \u00e0 la large gamme de formats disponibles.<\/p>\n\n\n\n<figure class=\"wp-block-image size-large\"><img loading=\"lazy\" decoding=\"async\" width=\"1024\" height=\"540\" src=\"https:\/\/imolatecnica.it\/wp-content\/uploads\/2021\/08\/Imola-Tecnica-8-1024x540.jpg\" alt=\"\" class=\"wp-image-6173\" srcset=\"https:\/\/imolatecnica.it\/wp-content\/uploads\/2021\/08\/Imola-Tecnica-8-1024x540.jpg 1024w, https:\/\/imolatecnica.it\/wp-content\/uploads\/2021\/08\/Imola-Tecnica-8-600x316.jpg 600w, https:\/\/imolatecnica.it\/wp-content\/uploads\/2021\/08\/Imola-Tecnica-8-768x405.jpg 768w, https:\/\/imolatecnica.it\/wp-content\/uploads\/2021\/08\/Imola-Tecnica-8-1536x810.jpg 1536w, https:\/\/imolatecnica.it\/wp-content\/uploads\/2021\/08\/Imola-Tecnica-8-2048x1080.jpg 2048w\" sizes=\"auto, (max-width: 1024px) 100vw, 1024px\" \/><\/figure>\n\n\n\n<h2 class=\"wp-block-heading\"><strong>Crit\u00e8res de conception des fa\u00e7ades ventil\u00e9es<\/strong>\u00a0: un syst\u00e8me sp\u00e9cifique pour chaque situation.<\/h2>\n\n\n\n<p>Dans le processus de<strong> conception des fa\u00e7ades ventil\u00e9es<\/strong>, il est essentiel de prendre en compte les dimensions de l&rsquo;\u00e9l\u00e9ment de fa\u00e7ade ext\u00e9rieur et de moduler le dessin de la fa\u00e7ade en tenant compte aussi bien des panneaux opaques que des trous de la fa\u00e7ade, de mani\u00e8re \u00e0 rationaliser l&rsquo;utilisation des dalles, en \u00e9vitant les gaspillages et les coupes inutiles.<\/p>\n\n\n\n<p>Lors de la d\u00e9finition de l&rsquo;\u00e9paisseur totale de la fa\u00e7ade, il faut tenir compte du fait qu\u2019elle peut varier en fonction de la chambre \u00e0 air choisie.<\/p>\n\n\n\n<p>En fonction du type de <strong>conception de la fa\u00e7ade ventil\u00e9e<\/strong> et de la disposition de l&rsquo;\u00e9l\u00e9ment ext\u00e9rieur con\u00e7u, il est possible de choisir un syst\u00e8me de fa\u00e7ade ou un autre. Les joints de mouvement ou joints structurels du b\u00e2timent doivent toujours \u00eatre respect\u00e9s, ce qui rend la sous-structure et la plaque ind\u00e9pendantes des deux c\u00f4t\u00e9s.<\/p>\n\n\n\n<p>Plus pr\u00e9cis\u00e9ment, la <strong>conception de la fa\u00e7ade ventil\u00e9e<\/strong> r\u00e9alis\u00e9e par Imola Tecnica n\u00e9cessite un personnel technique pour pr\u00e9parer le dessin architectural et structurel ex\u00e9cutif, sur la base d&rsquo;un dessin au format autocad (.dwg) fourni par le client. On r\u00e9alise ensuite une \u00e9tude de toutes les fa\u00e7ades \u00e0 couvrir (toujours sur la base d&rsquo;un dessin fourni par le client au format .dwg\u00a0: plans, \u00e9l\u00e9vations et coupes), on \u00e9labore une modulation rationnelle des fa\u00e7ades, avec le dimensionnement des modules par rapport au parement choisi, la d\u00e9finition architecturale des ouvertures des fen\u00eatres, la fermeture de la fa\u00e7ade inf\u00e9rieure et sup\u00e9rieure, et une solution pour relier tous les angles. La <strong>conception des fa\u00e7ades ventil\u00e9es<\/strong> se termine ensuite par une description technique du projet avec un sch\u00e9ma de la structure de la fa\u00e7ade pour chaque fa\u00e7ade, montrant le positionnement de tous ses composants (consoles avec les \u00ab\u00a0points fixes\u00a0\u00bb et les \u00ab\u00a0points coulissants\u00a0\u00bb relatifs, profils, etc.), avec l\u2019abaque des dalles \u2013 <em>d\u00e9finissant tous les travaux \u00e0 effectuer sur celles-ci<\/em> &#8211; et avec un rapport sur la v\u00e9rification statique du syst\u00e8me de fa\u00e7ade, conform\u00e9ment \u00e0 la r\u00e9glementation en vigueur sur les fa\u00e7ades ventil\u00e9es.\u00a0<\/p>\n\n\n\n<p><strong>Installation d&rsquo;une fa\u00e7ade ventil\u00e9e<\/strong>\u00a0: le processus \u00e9tape par \u00e9tape.<\/p>\n\n\n\n<p>Dans le syst\u00e8me de <strong>fa\u00e7ade ventil\u00e9e, les phases de montage<\/strong> suivent un ordre pr\u00e9cis. En d\u00e9tail, le syst\u00e8me d&rsquo;assemblage de la structure est r\u00e9alis\u00e9 en disposant les \u00e9l\u00e9ments selon la s\u00e9quence suivante&nbsp;:<\/p>\n\n\n\n<ul class=\"wp-block-list\"><li><strong>Phases de montage de la fa\u00e7ade ventil\u00e9e<\/strong> dans les structures \u00e0 simple et double ossature&nbsp;: ancrage des supports \u00e0 la structure portante et disposition de la couche isolante, le cas \u00e9ch\u00e9ant, fixation de la couche isolante au moyen de chevilles appropri\u00e9es, v\u00e9rification et scellement de tous les espaces laiss\u00e9s libres dans la disposition de la couche isolante afin d&rsquo;\u00e9viter tout pont thermique, disposition des montants verticaux sur les supports, v\u00e9rification de la coplanarit\u00e9 par rapport au plan et entre eux, fixation des montants au moyen de vis ou de rivets&nbsp;;&nbsp;<\/li><li><strong>Syst\u00e8mes d&rsquo;assemblage de fa\u00e7ades ventil\u00e9es<\/strong> dans les structures \u00e0 double ossature&nbsp;: disposition des rails horizontaux et fixation des vis ou des rivets sur les montants verticaux.<\/li><\/ul>\n\n\n\n<p>Imola Tecnica garantit que le <strong>montage des fa\u00e7ades ventil\u00e9es<\/strong> est effectu\u00e9 par des \u00e9quipes hautement sp\u00e9cialis\u00e9es&nbsp;: une garantie certaine d&rsquo;un travail beau, fonctionnel et durable.<\/p>\n","protected":false},"excerpt":{"rendered":"<p>Un b\u00e2timent dot\u00e9 d&rsquo;une fa\u00e7ade ventil\u00e9e efficace am\u00e9liore sensiblement la consommation d&rsquo;\u00e9nergie et r\u00e9duit les \u00e9missions de d\u00e9chets&nbsp;: en particulier, la conception d&rsquo;une fa\u00e7ade ventil\u00e9e r\u00e9duit la consommation d&rsquo;\u00e9nergie de 30 \u00e0 70&nbsp;%, la consommation d&rsquo;eau de 30 \u00e0 50&nbsp;% et les \u00e9missions de d\u00e9chets de 50 \u00e0 90&nbsp;%. Enfin, elle r\u00e9duit de 35&nbsp;% les [&hellip;]<\/p>\n","protected":false},"author":4,"featured_media":6173,"comment_status":"closed","ping_status":"closed","sticky":false,"template":"","format":"standard","meta":{"_acf_changed":false,"footnotes":""},"categories":[46],"tags":[],"class_list":["post-6175","post","type-post","status-publish","format-standard","has-post-thumbnail","hentry","category-news"],"acf":[],"yoast_head":"<!-- This site is optimized with the Yoast SEO plugin v27.4 - https:\/\/yoast.com\/product\/yoast-seo-wordpress\/ -->\n<title>Crit\u00e8res de conception des fa\u00e7ades ventil\u00e9es et installation des fa\u00e7ades ventil\u00e9es : un aper\u00e7u d\u00e9taill\u00e9 - Imola Tecnica<\/title>\n<meta name=\"robots\" content=\"index, follow, max-snippet:-1, max-image-preview:large, max-video-preview:-1\" \/>\n<link rel=\"canonical\" href=\"https:\/\/imolatecnica.it\/fr\/news\/criteres-de-conception-des-facades-ventilees-et-installation-des-facades-ventilees-un-apercu-detaille\/\" \/>\n<meta property=\"og:locale\" content=\"fr_FR\" \/>\n<meta property=\"og:type\" content=\"article\" \/>\n<meta property=\"og:title\" content=\"Crit\u00e8res de conception des fa\u00e7ades ventil\u00e9es et installation des fa\u00e7ades ventil\u00e9es : un aper\u00e7u d\u00e9taill\u00e9 - Imola Tecnica\" \/>\n<meta property=\"og:description\" content=\"Un b\u00e2timent dot\u00e9 d&rsquo;une fa\u00e7ade ventil\u00e9e efficace am\u00e9liore sensiblement la consommation d&rsquo;\u00e9nergie et r\u00e9duit les \u00e9missions de d\u00e9chets&nbsp;: en particulier, la conception d&rsquo;une fa\u00e7ade ventil\u00e9e r\u00e9duit la consommation d&rsquo;\u00e9nergie de 30 \u00e0 70&nbsp;%, la consommation d&rsquo;eau de 30 \u00e0 50&nbsp;% et les \u00e9missions de d\u00e9chets de 50 \u00e0 90&nbsp;%. Enfin, elle r\u00e9duit de 35&nbsp;% les [&hellip;]\" \/>\n<meta property=\"og:url\" content=\"https:\/\/imolatecnica.it\/fr\/news\/criteres-de-conception-des-facades-ventilees-et-installation-des-facades-ventilees-un-apercu-detaille\/\" \/>\n<meta property=\"og:site_name\" content=\"Imola Tecnica\" \/>\n<meta property=\"article:published_time\" content=\"2021-09-01T06:00:00+00:00\" \/>\n<meta property=\"og:image\" content=\"https:\/\/imolatecnica.it\/wp-content\/uploads\/2021\/08\/Imola-Tecnica-8-scaled.jpg\" \/>\n\t<meta property=\"og:image:width\" content=\"2560\" \/>\n\t<meta property=\"og:image:height\" content=\"1350\" \/>\n\t<meta property=\"og:image:type\" content=\"image\/jpeg\" \/>\n<meta name=\"author\" content=\"newlogic\" \/>\n<meta name=\"twitter:card\" content=\"summary_large_image\" \/>\n<meta name=\"twitter:label1\" content=\"\u00c9crit par\" \/>\n\t<meta name=\"twitter:data1\" content=\"newlogic\" \/>\n\t<meta name=\"twitter:label2\" content=\"Dur\u00e9e de lecture estim\u00e9e\" \/>\n\t<meta name=\"twitter:data2\" content=\"4 minutes\" \/>\n<script type=\"application\/ld+json\" class=\"yoast-schema-graph\">{\"@context\":\"https:\\\/\\\/schema.org\",\"@graph\":[{\"@type\":\"Article\",\"@id\":\"https:\\\/\\\/imolatecnica.it\\\/fr\\\/news\\\/criteres-de-conception-des-facades-ventilees-et-installation-des-facades-ventilees-un-apercu-detaille\\\/#article\",\"isPartOf\":{\"@id\":\"https:\\\/\\\/imolatecnica.it\\\/fr\\\/news\\\/criteres-de-conception-des-facades-ventilees-et-installation-des-facades-ventilees-un-apercu-detaille\\\/\"},\"author\":{\"name\":\"newlogic\",\"@id\":\"https:\\\/\\\/imolatecnica.it\\\/fr\\\/#\\\/schema\\\/person\\\/24203ae2020d3338ece429f85ca1dd91\"},\"headline\":\"Crit\u00e8res de conception des fa\u00e7ades ventil\u00e9es et installation des fa\u00e7ades ventil\u00e9es : un aper\u00e7u d\u00e9taill\u00e9\",\"datePublished\":\"2021-09-01T06:00:00+00:00\",\"mainEntityOfPage\":{\"@id\":\"https:\\\/\\\/imolatecnica.it\\\/fr\\\/news\\\/criteres-de-conception-des-facades-ventilees-et-installation-des-facades-ventilees-un-apercu-detaille\\\/\"},\"wordCount\":1020,\"publisher\":{\"@id\":\"https:\\\/\\\/imolatecnica.it\\\/fr\\\/#organization\"},\"image\":{\"@id\":\"https:\\\/\\\/imolatecnica.it\\\/fr\\\/news\\\/criteres-de-conception-des-facades-ventilees-et-installation-des-facades-ventilees-un-apercu-detaille\\\/#primaryimage\"},\"thumbnailUrl\":\"https:\\\/\\\/imolatecnica.it\\\/wp-content\\\/uploads\\\/2021\\\/08\\\/Imola-Tecnica-8-scaled.jpg\",\"articleSection\":[\"News\"],\"inLanguage\":\"fr-FR\"},{\"@type\":\"WebPage\",\"@id\":\"https:\\\/\\\/imolatecnica.it\\\/fr\\\/news\\\/criteres-de-conception-des-facades-ventilees-et-installation-des-facades-ventilees-un-apercu-detaille\\\/\",\"url\":\"https:\\\/\\\/imolatecnica.it\\\/fr\\\/news\\\/criteres-de-conception-des-facades-ventilees-et-installation-des-facades-ventilees-un-apercu-detaille\\\/\",\"name\":\"Crit\u00e8res de conception des fa\u00e7ades ventil\u00e9es et installation des fa\u00e7ades ventil\u00e9es : un aper\u00e7u d\u00e9taill\u00e9 - Imola Tecnica\",\"isPartOf\":{\"@id\":\"https:\\\/\\\/imolatecnica.it\\\/fr\\\/#website\"},\"primaryImageOfPage\":{\"@id\":\"https:\\\/\\\/imolatecnica.it\\\/fr\\\/news\\\/criteres-de-conception-des-facades-ventilees-et-installation-des-facades-ventilees-un-apercu-detaille\\\/#primaryimage\"},\"image\":{\"@id\":\"https:\\\/\\\/imolatecnica.it\\\/fr\\\/news\\\/criteres-de-conception-des-facades-ventilees-et-installation-des-facades-ventilees-un-apercu-detaille\\\/#primaryimage\"},\"thumbnailUrl\":\"https:\\\/\\\/imolatecnica.it\\\/wp-content\\\/uploads\\\/2021\\\/08\\\/Imola-Tecnica-8-scaled.jpg\",\"datePublished\":\"2021-09-01T06:00:00+00:00\",\"breadcrumb\":{\"@id\":\"https:\\\/\\\/imolatecnica.it\\\/fr\\\/news\\\/criteres-de-conception-des-facades-ventilees-et-installation-des-facades-ventilees-un-apercu-detaille\\\/#breadcrumb\"},\"inLanguage\":\"fr-FR\",\"potentialAction\":[{\"@type\":\"ReadAction\",\"target\":[\"https:\\\/\\\/imolatecnica.it\\\/fr\\\/news\\\/criteres-de-conception-des-facades-ventilees-et-installation-des-facades-ventilees-un-apercu-detaille\\\/\"]}]},{\"@type\":\"ImageObject\",\"inLanguage\":\"fr-FR\",\"@id\":\"https:\\\/\\\/imolatecnica.it\\\/fr\\\/news\\\/criteres-de-conception-des-facades-ventilees-et-installation-des-facades-ventilees-un-apercu-detaille\\\/#primaryimage\",\"url\":\"https:\\\/\\\/imolatecnica.it\\\/wp-content\\\/uploads\\\/2021\\\/08\\\/Imola-Tecnica-8-scaled.jpg\",\"contentUrl\":\"https:\\\/\\\/imolatecnica.it\\\/wp-content\\\/uploads\\\/2021\\\/08\\\/Imola-Tecnica-8-scaled.jpg\",\"width\":2560,\"height\":1350},{\"@type\":\"BreadcrumbList\",\"@id\":\"https:\\\/\\\/imolatecnica.it\\\/fr\\\/news\\\/criteres-de-conception-des-facades-ventilees-et-installation-des-facades-ventilees-un-apercu-detaille\\\/#breadcrumb\",\"itemListElement\":[{\"@type\":\"ListItem\",\"position\":1,\"name\":\"Home\",\"item\":\"https:\\\/\\\/imolatecnica.it\\\/fr\\\/imola-tecnica\\\/\"},{\"@type\":\"ListItem\",\"position\":2,\"name\":\"Crit\u00e8res de conception des fa\u00e7ades ventil\u00e9es et installation des fa\u00e7ades ventil\u00e9es : un aper\u00e7u d\u00e9taill\u00e9\"}]},{\"@type\":\"WebSite\",\"@id\":\"https:\\\/\\\/imolatecnica.it\\\/fr\\\/#website\",\"url\":\"https:\\\/\\\/imolatecnica.it\\\/fr\\\/\",\"name\":\"Imola Tecnica\",\"description\":\"Progettiamo e realizziamo facciate ventilate e pavimenti sopraelevati.\",\"publisher\":{\"@id\":\"https:\\\/\\\/imolatecnica.it\\\/fr\\\/#organization\"},\"potentialAction\":[{\"@type\":\"SearchAction\",\"target\":{\"@type\":\"EntryPoint\",\"urlTemplate\":\"https:\\\/\\\/imolatecnica.it\\\/fr\\\/?s={search_term_string}\"},\"query-input\":{\"@type\":\"PropertyValueSpecification\",\"valueRequired\":true,\"valueName\":\"search_term_string\"}}],\"inLanguage\":\"fr-FR\"},{\"@type\":\"Organization\",\"@id\":\"https:\\\/\\\/imolatecnica.it\\\/fr\\\/#organization\",\"name\":\"Imola Tecnica\",\"url\":\"https:\\\/\\\/imolatecnica.it\\\/fr\\\/\",\"logo\":{\"@type\":\"ImageObject\",\"inLanguage\":\"fr-FR\",\"@id\":\"https:\\\/\\\/imolatecnica.it\\\/fr\\\/#\\\/schema\\\/logo\\\/image\\\/\",\"url\":\"https:\\\/\\\/imolatecnica.it\\\/wp-content\\\/uploads\\\/2018\\\/06\\\/logotype@2x.jpg\",\"contentUrl\":\"https:\\\/\\\/imolatecnica.it\\\/wp-content\\\/uploads\\\/2018\\\/06\\\/logotype@2x.jpg\",\"width\":1684,\"height\":1192,\"caption\":\"Imola Tecnica\"},\"image\":{\"@id\":\"https:\\\/\\\/imolatecnica.it\\\/fr\\\/#\\\/schema\\\/logo\\\/image\\\/\"},\"sameAs\":[\"https:\\\/\\\/www.linkedin.com\\\/company\\\/imola-tecnica-srl\\\/\"]},{\"@type\":\"Person\",\"@id\":\"https:\\\/\\\/imolatecnica.it\\\/fr\\\/#\\\/schema\\\/person\\\/24203ae2020d3338ece429f85ca1dd91\",\"name\":\"newlogic\",\"image\":{\"@type\":\"ImageObject\",\"inLanguage\":\"fr-FR\",\"@id\":\"https:\\\/\\\/secure.gravatar.com\\\/avatar\\\/4efa3f167430d09b296b86ffb0a3326d24438dfaa9e5421312e7873cbe07f8fe?s=96&d=mm&r=g\",\"url\":\"https:\\\/\\\/secure.gravatar.com\\\/avatar\\\/4efa3f167430d09b296b86ffb0a3326d24438dfaa9e5421312e7873cbe07f8fe?s=96&d=mm&r=g\",\"contentUrl\":\"https:\\\/\\\/secure.gravatar.com\\\/avatar\\\/4efa3f167430d09b296b86ffb0a3326d24438dfaa9e5421312e7873cbe07f8fe?s=96&d=mm&r=g\",\"caption\":\"newlogic\"}}]}<\/script>\n<!-- \/ Yoast SEO plugin. -->","yoast_head_json":{"title":"Crit\u00e8res de conception des fa\u00e7ades ventil\u00e9es et installation des fa\u00e7ades ventil\u00e9es : un aper\u00e7u d\u00e9taill\u00e9 - Imola Tecnica","robots":{"index":"index","follow":"follow","max-snippet":"max-snippet:-1","max-image-preview":"max-image-preview:large","max-video-preview":"max-video-preview:-1"},"canonical":"https:\/\/imolatecnica.it\/fr\/news\/criteres-de-conception-des-facades-ventilees-et-installation-des-facades-ventilees-un-apercu-detaille\/","og_locale":"fr_FR","og_type":"article","og_title":"Crit\u00e8res de conception des fa\u00e7ades ventil\u00e9es et installation des fa\u00e7ades ventil\u00e9es : un aper\u00e7u d\u00e9taill\u00e9 - Imola Tecnica","og_description":"Un b\u00e2timent dot\u00e9 d&rsquo;une fa\u00e7ade ventil\u00e9e efficace am\u00e9liore sensiblement la consommation d&rsquo;\u00e9nergie et r\u00e9duit les \u00e9missions de d\u00e9chets&nbsp;: en particulier, la conception d&rsquo;une fa\u00e7ade ventil\u00e9e r\u00e9duit la consommation d&rsquo;\u00e9nergie de 30 \u00e0 70&nbsp;%, la consommation d&rsquo;eau de 30 \u00e0 50&nbsp;% et les \u00e9missions de d\u00e9chets de 50 \u00e0 90&nbsp;%. Enfin, elle r\u00e9duit de 35&nbsp;% les [&hellip;]","og_url":"https:\/\/imolatecnica.it\/fr\/news\/criteres-de-conception-des-facades-ventilees-et-installation-des-facades-ventilees-un-apercu-detaille\/","og_site_name":"Imola Tecnica","article_published_time":"2021-09-01T06:00:00+00:00","og_image":[{"width":2560,"height":1350,"url":"https:\/\/imolatecnica.it\/wp-content\/uploads\/2021\/08\/Imola-Tecnica-8-scaled.jpg","type":"image\/jpeg"}],"author":"newlogic","twitter_card":"summary_large_image","twitter_misc":{"\u00c9crit par":"newlogic","Dur\u00e9e de lecture estim\u00e9e":"4 minutes"},"schema":{"@context":"https:\/\/schema.org","@graph":[{"@type":"Article","@id":"https:\/\/imolatecnica.it\/fr\/news\/criteres-de-conception-des-facades-ventilees-et-installation-des-facades-ventilees-un-apercu-detaille\/#article","isPartOf":{"@id":"https:\/\/imolatecnica.it\/fr\/news\/criteres-de-conception-des-facades-ventilees-et-installation-des-facades-ventilees-un-apercu-detaille\/"},"author":{"name":"newlogic","@id":"https:\/\/imolatecnica.it\/fr\/#\/schema\/person\/24203ae2020d3338ece429f85ca1dd91"},"headline":"Crit\u00e8res de conception des fa\u00e7ades ventil\u00e9es et installation des fa\u00e7ades ventil\u00e9es : un aper\u00e7u d\u00e9taill\u00e9","datePublished":"2021-09-01T06:00:00+00:00","mainEntityOfPage":{"@id":"https:\/\/imolatecnica.it\/fr\/news\/criteres-de-conception-des-facades-ventilees-et-installation-des-facades-ventilees-un-apercu-detaille\/"},"wordCount":1020,"publisher":{"@id":"https:\/\/imolatecnica.it\/fr\/#organization"},"image":{"@id":"https:\/\/imolatecnica.it\/fr\/news\/criteres-de-conception-des-facades-ventilees-et-installation-des-facades-ventilees-un-apercu-detaille\/#primaryimage"},"thumbnailUrl":"https:\/\/imolatecnica.it\/wp-content\/uploads\/2021\/08\/Imola-Tecnica-8-scaled.jpg","articleSection":["News"],"inLanguage":"fr-FR"},{"@type":"WebPage","@id":"https:\/\/imolatecnica.it\/fr\/news\/criteres-de-conception-des-facades-ventilees-et-installation-des-facades-ventilees-un-apercu-detaille\/","url":"https:\/\/imolatecnica.it\/fr\/news\/criteres-de-conception-des-facades-ventilees-et-installation-des-facades-ventilees-un-apercu-detaille\/","name":"Crit\u00e8res de conception des fa\u00e7ades ventil\u00e9es et installation des fa\u00e7ades ventil\u00e9es : un aper\u00e7u d\u00e9taill\u00e9 - Imola Tecnica","isPartOf":{"@id":"https:\/\/imolatecnica.it\/fr\/#website"},"primaryImageOfPage":{"@id":"https:\/\/imolatecnica.it\/fr\/news\/criteres-de-conception-des-facades-ventilees-et-installation-des-facades-ventilees-un-apercu-detaille\/#primaryimage"},"image":{"@id":"https:\/\/imolatecnica.it\/fr\/news\/criteres-de-conception-des-facades-ventilees-et-installation-des-facades-ventilees-un-apercu-detaille\/#primaryimage"},"thumbnailUrl":"https:\/\/imolatecnica.it\/wp-content\/uploads\/2021\/08\/Imola-Tecnica-8-scaled.jpg","datePublished":"2021-09-01T06:00:00+00:00","breadcrumb":{"@id":"https:\/\/imolatecnica.it\/fr\/news\/criteres-de-conception-des-facades-ventilees-et-installation-des-facades-ventilees-un-apercu-detaille\/#breadcrumb"},"inLanguage":"fr-FR","potentialAction":[{"@type":"ReadAction","target":["https:\/\/imolatecnica.it\/fr\/news\/criteres-de-conception-des-facades-ventilees-et-installation-des-facades-ventilees-un-apercu-detaille\/"]}]},{"@type":"ImageObject","inLanguage":"fr-FR","@id":"https:\/\/imolatecnica.it\/fr\/news\/criteres-de-conception-des-facades-ventilees-et-installation-des-facades-ventilees-un-apercu-detaille\/#primaryimage","url":"https:\/\/imolatecnica.it\/wp-content\/uploads\/2021\/08\/Imola-Tecnica-8-scaled.jpg","contentUrl":"https:\/\/imolatecnica.it\/wp-content\/uploads\/2021\/08\/Imola-Tecnica-8-scaled.jpg","width":2560,"height":1350},{"@type":"BreadcrumbList","@id":"https:\/\/imolatecnica.it\/fr\/news\/criteres-de-conception-des-facades-ventilees-et-installation-des-facades-ventilees-un-apercu-detaille\/#breadcrumb","itemListElement":[{"@type":"ListItem","position":1,"name":"Home","item":"https:\/\/imolatecnica.it\/fr\/imola-tecnica\/"},{"@type":"ListItem","position":2,"name":"Crit\u00e8res de conception des fa\u00e7ades ventil\u00e9es et installation des fa\u00e7ades ventil\u00e9es : un aper\u00e7u d\u00e9taill\u00e9"}]},{"@type":"WebSite","@id":"https:\/\/imolatecnica.it\/fr\/#website","url":"https:\/\/imolatecnica.it\/fr\/","name":"Imola Tecnica","description":"Progettiamo e realizziamo facciate ventilate e pavimenti sopraelevati.","publisher":{"@id":"https:\/\/imolatecnica.it\/fr\/#organization"},"potentialAction":[{"@type":"SearchAction","target":{"@type":"EntryPoint","urlTemplate":"https:\/\/imolatecnica.it\/fr\/?s={search_term_string}"},"query-input":{"@type":"PropertyValueSpecification","valueRequired":true,"valueName":"search_term_string"}}],"inLanguage":"fr-FR"},{"@type":"Organization","@id":"https:\/\/imolatecnica.it\/fr\/#organization","name":"Imola Tecnica","url":"https:\/\/imolatecnica.it\/fr\/","logo":{"@type":"ImageObject","inLanguage":"fr-FR","@id":"https:\/\/imolatecnica.it\/fr\/#\/schema\/logo\/image\/","url":"https:\/\/imolatecnica.it\/wp-content\/uploads\/2018\/06\/logotype@2x.jpg","contentUrl":"https:\/\/imolatecnica.it\/wp-content\/uploads\/2018\/06\/logotype@2x.jpg","width":1684,"height":1192,"caption":"Imola Tecnica"},"image":{"@id":"https:\/\/imolatecnica.it\/fr\/#\/schema\/logo\/image\/"},"sameAs":["https:\/\/www.linkedin.com\/company\/imola-tecnica-srl\/"]},{"@type":"Person","@id":"https:\/\/imolatecnica.it\/fr\/#\/schema\/person\/24203ae2020d3338ece429f85ca1dd91","name":"newlogic","image":{"@type":"ImageObject","inLanguage":"fr-FR","@id":"https:\/\/secure.gravatar.com\/avatar\/4efa3f167430d09b296b86ffb0a3326d24438dfaa9e5421312e7873cbe07f8fe?s=96&d=mm&r=g","url":"https:\/\/secure.gravatar.com\/avatar\/4efa3f167430d09b296b86ffb0a3326d24438dfaa9e5421312e7873cbe07f8fe?s=96&d=mm&r=g","contentUrl":"https:\/\/secure.gravatar.com\/avatar\/4efa3f167430d09b296b86ffb0a3326d24438dfaa9e5421312e7873cbe07f8fe?s=96&d=mm&r=g","caption":"newlogic"}}]}},"_links":{"self":[{"href":"https:\/\/imolatecnica.it\/fr\/wp-json\/wp\/v2\/posts\/6175","targetHints":{"allow":["GET"]}}],"collection":[{"href":"https:\/\/imolatecnica.it\/fr\/wp-json\/wp\/v2\/posts"}],"about":[{"href":"https:\/\/imolatecnica.it\/fr\/wp-json\/wp\/v2\/types\/post"}],"author":[{"embeddable":true,"href":"https:\/\/imolatecnica.it\/fr\/wp-json\/wp\/v2\/users\/4"}],"replies":[{"embeddable":true,"href":"https:\/\/imolatecnica.it\/fr\/wp-json\/wp\/v2\/comments?post=6175"}],"version-history":[{"count":1,"href":"https:\/\/imolatecnica.it\/fr\/wp-json\/wp\/v2\/posts\/6175\/revisions"}],"predecessor-version":[{"id":6176,"href":"https:\/\/imolatecnica.it\/fr\/wp-json\/wp\/v2\/posts\/6175\/revisions\/6176"}],"wp:featuredmedia":[{"embeddable":true,"href":"https:\/\/imolatecnica.it\/fr\/wp-json\/wp\/v2\/media\/6173"}],"wp:attachment":[{"href":"https:\/\/imolatecnica.it\/fr\/wp-json\/wp\/v2\/media?parent=6175"}],"wp:term":[{"taxonomy":"category","embeddable":true,"href":"https:\/\/imolatecnica.it\/fr\/wp-json\/wp\/v2\/categories?post=6175"},{"taxonomy":"post_tag","embeddable":true,"href":"https:\/\/imolatecnica.it\/fr\/wp-json\/wp\/v2\/tags?post=6175"}],"curies":[{"name":"wp","href":"https:\/\/api.w.org\/{rel}","templated":true}]}}